{"id":1207,"date":"2020-05-04T10:14:00","date_gmt":"2020-05-04T10:14:00","guid":{"rendered":"http:\/\/blog.andreaneag.com\/?p=1207"},"modified":"2020-04-29T18:08:05","modified_gmt":"2020-04-29T18:08:05","slug":"umbra-vantului-carlos-luis-zafon","status":"publish","type":"post","link":"https:\/\/blog.andreaneag.com\/?p=1207","title":{"rendered":"Umbra vantului- Carlos Luis Zafon"},"content":{"rendered":"\n<p>Am ales cartea aceasta f\u0103r\u0103 s\u0103 am nici cel mai mic habar c\u0103 \u00eemi va pl\u0103cea at\u00e2t de tare! Nu \u0219tiam nimic despre subiect, nimic despre autor. Mi-a pl\u0103cut titlul \u0219i un fragment din primele pagini, din care am \u00een\u021beles c\u0103 ac\u021biunea se petrece \u00een Barcelona. Iar Barcelona are un loc aparte \u00een inima mea. Asta da metod\u0103 de a alege c\u0103r\u021bile, nu-i a\u0219a? Dar nu regret fiindc\u0103 cele c\u00e2teva sute de pagini sunt minunate de la \u00eenceput p\u00e2n\u0103 la sf\u00e2r\u0219it! <\/p>\n\n\n\n<p><strong>De ce s\u0103 cite\u0219ti cartea? <\/strong><\/p>\n\n\n\n<blockquote class=\"wp-block-quote is-layout-flow wp-block-quote-is-layout-flow\"><p>C\u0103l\u0103tore\u0219ti \u00een Barcelona anilor 1945-1950. Bacelona e un ora\u0219 extraordinar \u0219i acum, dar ce a fost \u00een perioada descris\u0103 \u00een roman te face s\u0103 vrei s\u0103 te \u00eentorci \u00een timp. Sunt descrieri am\u0103nun\u021bite ale str\u0103zilor, ale plajelor, ale magazinelor, ale pia\u021betelor. \u021ain\u00e2nd cont c\u0103 e pandemie \u0219i st\u0103m acas\u0103, plimbatul cu ajutorul filelor din carte e o solu\u021bie numai bun\u0103! Eu am fost \u00een Barcelona vara, dar cartea o arat\u0103 \u00een toate anotimpurile \u0219i abia a\u0219tept s\u0103 m\u0103 prind\u0103 \u0219i pe mine o toamn\u0103 \u00een faimosul ora\u0219. <\/p><p>Personajele din carte sunt at\u00e2t de faine! Te \u00eent\u00e2lne\u0219ti cu anticari, p\u0103l\u0103rieri, bog\u0103ta\u0219i boemi, doamne mai mult sau mai pu\u021bin u\u0219oare, cer\u0219etori, doritori de \u00eembog\u0103\u021bire rapid\u0103, scriitori, v\u00e2nz\u0103tori. E o lume pestri\u021b\u0103, colorat\u0103, \u00een care descoperi familii s\u0103race dar \u0219i familii bogate, apartamente insalubre sau conace \u00een care te-ai muta imediat. <\/p><p>Totul porne\u0219te de la o carte aleas\u0103 de Danel, personajul principal, din Cimitirul C\u0103r\u021bilor Uitate. Ce este acest cimitir, cine este Daniel, te las pe tine s\u0103 descoperi. Dar mi-ar pl\u0103cea foarte mult s\u0103 existe un asemenea Cimitir \u0219i \u00een ora\u0219ul meu. Cine \u0219tie c\u00e2te lucruri minunate s-ar putea \u00eent\u00e2mpla&#8230; <\/p><\/blockquote>\n\n\n\n<p><strong>Pasajul meu preferat?<\/strong> pfuuuu&#8230;de data asta chiar \u00eemi e at\u00e2t de greu s\u0103 aleg! a\u0219 fi \u00een stare s\u0103 pun aici mai mult de jumate din carte: dialogurile lui Fermin Romero de  Torres sunt absolut delicioase, descrierile ora\u0219ului m\u0103 fac s\u0103 visez cu ochii deschi\u0219i&#8230; M\u0103 opresc totu\u0219i asupra unui fragment din timpul str\u0103daniilor duse de Fermin pentru a o cuceri pe Bernarda. El, fost cer\u0219etor devenit ajutor de anticar, ea-slujnic\u0103 pioas\u0103 cu inim\u0103 de latin loveri\u021b\u0103. Sunt cel mai delicios cuplu pe care l-am citit \u00een ultima vreme.  <\/p>\n\n\n\n<blockquote class=\"wp-block-quote is-layout-flow wp-block-quote-is-layout-flow\"><p>\u201e \u00cens\u0103, cum, \u00een fond, sunt un cavaler din cei de odinioar\u0103, eu nu profit, \u0219i cu un s\u0103rut cast pe obraz m-am mul\u021bumit. Fiindc\u0103 eu nu m\u0103 gr\u0103besc, \u0219tii? Tot ce-i bun se las\u0103 a\u0219teptat. Sunt mocofani care cred c\u0103, dac\u0103 \u00eei pun m\u00e2na pe cur unei femei, \u0219i ea nu protesteaz\u0103, o au deja la degetul mic. \u00cencep\u0103tori. Inima unei muieri e-un labirint de subtilit\u0103\u021bi care sfideaz\u0103 mintea necioplit\u0103 a b\u0103rbatului mincinos. Dac\u0103 vrei s\u0103 posezi cu adev\u0103rat o femeie, trebuie s\u0103 g\u00e2nde\u0219ti ca ea, iar primul lucru e s\u0103-i c\u00e2\u0219tigi sufletul. Restul, dulcele \u00eenveli\u0219 molcu\u021b care te fac s\u0103 \u00ee\u021bi pierzi min\u021bile \u0219i virtutea, vine pe deasupra.\u201d <\/p><\/blockquote>\n\n\n\n<p>De\u0219i nu acesta e scopul principal, cartea ofer\u0103 o radiografie destul de clar\u0103 asupra tipurilor de rela\u021bii care pot exista \u00eentre oameni: de la cele mai toxice, la cele pline de devotament, de la rela\u021biile unde violen\u021ba este folosit\u0103 pentru a masca frustr\u0103rile \u0219i neputin\u021bele, la rela\u021biile guvernate de o iubire care trece testul timpului.  Prietenii care se destram\u0103, prietenii care sunt tr\u0103ite p\u00e2n\u0103 la s\u00e2nge&#8230; Un univers \u00eentreg \u0219i real. <\/p>\n\n\n\n<p>De c\u00e2te ori am promis iubire ve\u0219nic\u0103 pentru ca mai t\u00e2rziu s\u0103 renun\u021b\u0103m la toate promisiunile f\u0103cute? De c\u00e2te ori i-am sus\u021binut pe cei de l\u00e2ng\u0103 noi atunci c\u00e2nd aveau nevoie \u0219i c\u00e2nd erau p\u0103r\u0103si\u021bi de to\u021bi? Sigur, este mult mai u\u0219or s\u0103 identific\u0103m de c\u00e2te ori am fost noi p\u0103r\u0103si\u021bi, \u00een\u0219ela\u021bi, am\u0103gi\u021bi; de c\u00e2te ori nu ni s-au \u00eemplinit dorin\u021bele vizavi de ceilal\u021bi. <\/p>\n\n\n\n<p>Chiar dac\u0103 ducem cu noi toate durerile venite din rela\u021bii e\u0219uate, fie ele de prietenie sau de iubire, nu \u00eenseamn\u0103 nimic altceva dec\u00e2t faptul c\u0103 am tr\u0103it. Ce putem face? S\u0103 ne pre\u021buim prietenii pe care \u00eei avem acum l\u00e2ng\u0103 noi. S\u0103 oferim iubire \u0219i sprijin. Via\u021ba merge mereu \u00eenainte, s\u0103 \u00eenaint\u0103m \u0219i noi cu bucurie. <\/p>\n\n\n\n<p>A.N. <\/p>\n\n\n\n<p><\/p>\n","protected":false},"excerpt":{"rendered":"<p>Am ales cartea aceasta f\u0103r\u0103 s\u0103 am nici cel mai mic habar c\u0103 \u00eemi va pl\u0103cea at\u00e2t de tare! Nu&#8230;<\/p>\n","protected":false},"author":1,"featured_media":0,"comment_status":"open","ping_status":"open","sticky":false,"template":"","format":"standard","meta":{"footnotes":""},"categories":[454],"tags":[607,541,608,166,46,471,472,134,578,543,610,609],"class_list":["post-1207","post","type-post","status-publish","format-standard","hentry","category-jurnal-de-lectura","tag-barcelona","tag-carte","tag-devotament","tag-durere","tag-iubire","tag-jurnal","tag-lectura","tag-prietenii","tag-recenzie","tag-relatii-2","tag-sprjin","tag-violenta","post-archive"],"_links":{"self":[{"href":"https:\/\/blog.andreaneag.com\/index.php?rest_route=\/wp\/v2\/posts\/1207","targetHints":{"allow":["GET"]}}],"collection":[{"href":"https:\/\/blog.andreaneag.com\/index.php?rest_route=\/wp\/v2\/posts"}],"about":[{"href":"https:\/\/blog.andreaneag.com\/index.php?rest_route=\/wp\/v2\/types\/post"}],"author":[{"embeddable":true,"href":"https:\/\/blog.andreaneag.com\/index.php?rest_route=\/wp\/v2\/users\/1"}],"replies":[{"embeddable":true,"href":"https:\/\/blog.andreaneag.com\/index.php?rest_route=%2Fwp%2Fv2%2Fcomments&post=1207"}],"version-history":[{"count":4,"href":"https:\/\/blog.andreaneag.com\/index.php?rest_route=\/wp\/v2\/posts\/1207\/revisions"}],"predecessor-version":[{"id":1244,"href":"https:\/\/blog.andreaneag.com\/index.php?rest_route=\/wp\/v2\/posts\/1207\/revisions\/1244"}],"wp:attachment":[{"href":"https:\/\/blog.andreaneag.com\/index.php?rest_route=%2Fwp%2Fv2%2Fmedia&parent=1207"}],"wp:term":[{"taxonomy":"category","embeddable":true,"href":"https:\/\/blog.andreaneag.com\/index.php?rest_route=%2Fwp%2Fv2%2Fcategories&post=1207"},{"taxonomy":"post_tag","embeddable":true,"href":"https:\/\/blog.andreaneag.com\/index.php?rest_route=%2Fwp%2Fv2%2Ftags&post=1207"}],"curies":[{"name":"wp","href":"https:\/\/api.w.org\/{rel}","templated":true}]}}